[{"@context":"https:\/\/schema.org\/","@type":"Article","@id":"https:\/\/www.digitus.cz\/szira-vas-strach-zvitezte-nad-nim\/#Article","mainEntityOfPage":"https:\/\/www.digitus.cz\/szira-vas-strach-zvitezte-nad-nim\/","headline":"S\u017e\u00edr\u00e1 v\u00e1s strach? Zv\u00edt\u011bzte nad n\u00edm","name":"S\u017e\u00edr\u00e1 v\u00e1s strach? Zv\u00edt\u011bzte nad n\u00edm","description":"Strach je b\u011b\u017en\u00e1 lidsk\u00e1 emoce, mo\u017en\u00e1 snad i nej\u010dast\u011bj\u0161\u00ed, kterou ka\u017ed\u00fd z\u00a0v\u00e1s pro\u017e\u00edv\u00e1. Pokud se v\u0161ak strach objevuje p\u0159\u00edli\u0161 \u010dasto, a nav\u00edc v\u00a0nejnevhodn\u011bj\u0161\u00edm okam\u017eiku, nast\u00e1v\u00e1 zpravidla probl\u00e9m, se kter\u00fdm byste se m\u011bli nau\u010dit z\u00e1pasit. Uvid\u00edte, \u017ee pokud budete tr\u00e9novat, nakonec zv\u00edt\u011bz\u00edte. Kde se strach vlastn\u011b vzal? Strachem v\u00e1s vybavila mati\u010dka p\u0159\u00edroda, a to ne jen [&hellip;]","datePublished":"2024-10-09","dateModified":"2024-10-09","author":{"@type":"Person","@id":"https:\/\/www.digitus.cz\/author\/#Person","name":"digitus.cz\n","url":"https:\/\/www.digitus.cz\/author\/","identifier":1,"image":{"@type":"ImageObject","@id":"https:\/\/secure.gravatar.com\/avatar\/d2f205e1507a0401c7d467d32c87ccece0f63a45b81075bb691dbe8d4c823787?s=96&d=mm&r=g","url":"https:\/\/secure.gravatar.com\/avatar\/d2f205e1507a0401c7d467d32c87ccece0f63a45b81075bb691dbe8d4c823787?s=96&d=mm&r=g","height":96,"width":96}},"publisher":{"@type":"Organization","name":"digitus.cz","logo":{"@type":"ImageObject","@id":"\/logo.png","url":"\/logo.png","width":600,"height":60}},"image":{"@type":"ImageObject","@id":"https:\/\/www.digitus.cz\/wp-content\/uploads\/img_a306092_w1912_t1517335536.jpg","url":"https:\/\/www.digitus.cz\/wp-content\/uploads\/img_a306092_w1912_t1517335536.jpg","height":0,"width":0},"url":"https:\/\/www.digitus.cz\/szira-vas-strach-zvitezte-nad-nim\/","about":["\u017divotn\u00ed styl"],"wordCount":437,"articleBody":"Strach je b\u011b\u017en\u00e1 lidsk\u00e1 emoce, mo\u017en\u00e1 snad i nej\u010dast\u011bj\u0161\u00ed, kterou ka\u017ed\u00fd z\u00a0v\u00e1s pro\u017e\u00edv\u00e1. Pokud se v\u0161ak strach objevuje p\u0159\u00edli\u0161 \u010dasto, a nav\u00edc v\u00a0nejnevhodn\u011bj\u0161\u00edm okam\u017eiku, nast\u00e1v\u00e1 zpravidla probl\u00e9m, se kter\u00fdm byste se m\u011bli nau\u010dit z\u00e1pasit. Uvid\u00edte, \u017ee pokud budete tr\u00e9novat, nakonec zv\u00edt\u011bz\u00edte.Kde se strach vlastn\u011b vzal?Strachem v\u00e1s vybavila mati\u010dka p\u0159\u00edroda, a to ne jen tak z\u00a0rozmaru. M\u011bla k\u00a0tomu jeden hlavn\u00ed d\u016fvod \u2013 abyste p\u0159e\u017eili. Kdybyste se toti\u017e beze strachu pou\u0161t\u011bli do nejr\u016fzn\u011bj\u0161\u00edch v\u011bc\u00ed, mo\u017en\u00e1 byste je nemuseli ve zdrav\u00ed p\u0159e\u017e\u00edt. Pokud m\u00e1te z\u00a0n\u011b\u010deho strach, v\u011bt\u0161inou zbyst\u0159\u00edte smysly a reagujete tak, abyste se sta\u010dili dan\u00e9 situaci br\u00e1nit, p\u0159\u00edpadn\u011b rychle ut\u00e9ct.Jak se strach projevuje?Strach m\u00e1 mnoho podob a tak\u00e9 mnoho doprovodn\u00fdch projev\u016f. Nejen\u017ee v\u00e1m za\u010dne bu\u0161it srdce, ale \u010dasto zrudnete \u010di zblednete, zrychl\u00ed se v\u00e1m d\u00fdch\u00e1n\u00ed \u010di se v\u00e1m naje\u017e\u00ed chloupky na t\u011ble. Tyto reakce jsou norm\u00e1ln\u00ed a trp\u00ed jimi snad ka\u017ed\u00fd jedinec.Nezdrav\u00e1 m\u00edraPokud v\u0161ak pro\u017e\u00edv\u00e1te strach v\u00a0nezdrav\u00e9 m\u00ed\u0159e, blokuje v\u00e1s to od rozhodnut\u00ed a zm\u011bn, kter\u00e9 by mohly b\u00fdt pro v\u00e1\u0161 \u017eivot pozitivn\u00ed. Kv\u016fli strachu kolikr\u00e1t neu\u010din\u00edte zm\u011bnu v\u00a0pracovn\u00ed \u010di osobn\u00ed situaci, mnohdy se rad\u011bji p\u0159izp\u016fsob\u00edte okol\u00ed, ne\u017e abyste projevili sv\u016fj potenci\u00e1l. Mnohdy se kv\u016fli strachu dostanete do bludn\u00e9ho kruhu, ze kter\u00e9ho nejde vystoupit.Jak z\u00a0toho kola ven?R\u016fzn\u00e9 obavy v\u00e1s nejsp\u00ed\u0161 pron\u00e1sleduj\u00ed ka\u017ed\u00fd den. N\u011bkdy je strach u\u017eite\u010dn\u00fd, co ale d\u011blat, kdy\u017e u\u017e to p\u0159esahuje v\u00a0\u00fazkostnou fobii? M\u011bli byste se se strachem zkusit vyrovnat. Zm\u011b\u0148te vn\u00edm\u00e1n\u00ed strachu a oto\u010dte situaci tak, abyste z\u00a0toho vyt\u011b\u017eili jen to pozitivn\u00ed. Sv\u00e9 obavy m\u011bjte pod kontrolou a prom\u011b\u0148te je ve sv\u016fj prosp\u011bch. Pokud nad n\u00edm zv\u00edt\u011bz\u00edte, z\u00edsk\u00e1te sebev\u011bdom\u00ed a navrch i pocit svobody a volnosti.Nebojte se dop\u0159eduMnohdy se boj\u00edte zbyte\u010dn\u011b dop\u0159edu. M\u00e1te strach, jak dan\u00e1 situace dopadne a kdy\u017e se nakonec rozhodnete ji podstoupit, zjist\u00edte, \u017ee to vlastn\u011b tak stra\u0161n\u00e9 nebylo, a \u017ee v\u0161e nakonec dob\u0159e dopadlo. Proto zbyte\u010dn\u011b sv\u016fj strach nep\u0159ikrmujte.                                                                                                                                                                                                                                                                                                                                                                                        4.1\/5 - (9 votes)        "},{"@context":"https:\/\/schema.org\/","@type":"BreadcrumbList","itemListElement":[{"@type":"ListItem","position":1,"name":"S\u017e\u00edr\u00e1 v\u00e1s strach? Zv\u00edt\u011bzte nad n\u00edm","item":"https:\/\/www.digitus.cz\/szira-vas-strach-zvitezte-nad-nim\/#breadcrumbitem"}]}]