{"@context":"https:\/\/schema.org\/","@type":"CollectionPage","@id":"https:\/\/www.digitus.cz\/zbozi\/#CollectionPage","headline":"Zbo\u017e\u00ed Category","description":"","url":"https:\/\/www.digitus.cz\/zbozi\/","hasPart":[{"@type":"Article","@id":"https:\/\/www.digitus.cz\/lecba-impotence-neni-nijak-narocna\/","headline":"L\u00e9\u010dba impotence nen\u00ed nijak n\u00e1ro\u010dn\u00e1","url":"https:\/\/www.digitus.cz\/lecba-impotence-neni-nijak-narocna\/","datePublished":"2019-10-22","dateModified":"2019-10-22","mainEntityOfPage":"https:\/\/www.digitus.cz\/lecba-impotence-neni-nijak-narocna\/","author":{"@type":"Person","@id":"https:\/\/www.digitus.cz\/author\/#Person","name":"digitus.cz\n","url":"https:\/\/www.digitus.cz\/author\/","identifier":1,"image":{"@type":"ImageObject","@id":"https:\/\/secure.gravatar.com\/avatar\/d2f205e1507a0401c7d467d32c87ccece0f63a45b81075bb691dbe8d4c823787?s=96&d=mm&r=g","url":"https:\/\/secure.gravatar.com\/avatar\/d2f205e1507a0401c7d467d32c87ccece0f63a45b81075bb691dbe8d4c823787?s=96&d=mm&r=g","height":96,"width":96}},"publisher":{"@type":"Organization","name":"digitus.cz","logo":{"@type":"ImageObject","@id":"\/logo.png","url":"\/logo.png","width":600,"height":60}},"image":{"@type":"ImageObject","@id":"https:\/\/www.digitus.cz\/wp-content\/uploads\/img_a367201_w1912_t1579690277.jpg","url":"https:\/\/www.digitus.cz\/wp-content\/uploads\/img_a367201_w1912_t1579690277.jpg","height":0,"width":0},"keywords":null},{"@type":"Article","@id":"https:\/\/www.digitus.cz\/postel-na-ktere-se-vam-bude-sladce-spat-i-ve-dvou\/","headline":"Postel, na kter\u00e9 se v\u00e1m bude sladce sp\u00e1t i ve dvou","url":"https:\/\/www.digitus.cz\/postel-na-ktere-se-vam-bude-sladce-spat-i-ve-dvou\/","datePublished":"2019-09-26","dateModified":"2019-09-26","mainEntityOfPage":"https:\/\/www.digitus.cz\/postel-na-ktere-se-vam-bude-sladce-spat-i-ve-dvou\/","author":{"@type":"Person","@id":"https:\/\/www.digitus.cz\/author\/#Person","name":"digitus.cz\n","url":"https:\/\/www.digitus.cz\/author\/","identifier":1,"image":{"@type":"ImageObject","@id":"https:\/\/secure.gravatar.com\/avatar\/d2f205e1507a0401c7d467d32c87ccece0f63a45b81075bb691dbe8d4c823787?s=96&d=mm&r=g","url":"https:\/\/secure.gravatar.com\/avatar\/d2f205e1507a0401c7d467d32c87ccece0f63a45b81075bb691dbe8d4c823787?s=96&d=mm&r=g","height":96,"width":96}},"publisher":{"@type":"Organization","name":"digitus.cz","logo":{"@type":"ImageObject","@id":"\/logo.png","url":"\/logo.png","width":600,"height":60}},"image":{"@type":"ImageObject","@id":"https:\/\/www.digitus.cz\/wp-content\/uploads\/img_a363249_w1912_t1576056602.jpg","url":"https:\/\/www.digitus.cz\/wp-content\/uploads\/img_a363249_w1912_t1576056602.jpg","height":0,"width":0},"keywords":null},{"@type":"Article","@id":"https:\/\/www.digitus.cz\/zhubnout-se-da-i-bez-drastickych-diet\/","headline":"Zhubnout se d\u00e1 i bez drastick\u00fdch diet","url":"https:\/\/www.digitus.cz\/zhubnout-se-da-i-bez-drastickych-diet\/","datePublished":"2019-09-07","dateModified":"2019-09-07","mainEntityOfPage":"https:\/\/www.digitus.cz\/zhubnout-se-da-i-bez-drastickych-diet\/","author":{"@type":"Person","@id":"https:\/\/www.digitus.cz\/author\/#Person","name":"digitus.cz\n","url":"https:\/\/www.digitus.cz\/author\/","identifier":1,"image":{"@type":"ImageObject","@id":"https:\/\/secure.gravatar.com\/avatar\/d2f205e1507a0401c7d467d32c87ccece0f63a45b81075bb691dbe8d4c823787?s=96&d=mm&r=g","url":"https:\/\/secure.gravatar.com\/avatar\/d2f205e1507a0401c7d467d32c87ccece0f63a45b81075bb691dbe8d4c823787?s=96&d=mm&r=g","height":96,"width":96}},"publisher":{"@type":"Organization","name":"digitus.cz","logo":{"@type":"ImageObject","@id":"\/logo.png","url":"\/logo.png","width":600,"height":60}},"image":{"@type":"ImageObject","@id":"https:\/\/www.digitus.cz\/wp-content\/uploads\/img_a363357_w1912_t1576083754.jpg","url":"https:\/\/www.digitus.cz\/wp-content\/uploads\/img_a363357_w1912_t1576083754.jpg","height":0,"width":0},"keywords":null},{"@type":"Article","@id":"https:\/\/www.digitus.cz\/podporte-svou-snahu-o-snizeni-vahy-o-doplnky-stravy\/","headline":"Podpo\u0159te svou snahu o sn\u00ed\u017een\u00ed v\u00e1hy o dopl\u0148ky stravy","url":"https:\/\/www.digitus.cz\/podporte-svou-snahu-o-snizeni-vahy-o-doplnky-stravy\/","datePublished":"2019-09-02","dateModified":"2019-09-02","mainEntityOfPage":"https:\/\/www.digitus.cz\/podporte-svou-snahu-o-snizeni-vahy-o-doplnky-stravy\/","author":{"@type":"Person","@id":"https:\/\/www.digitus.cz\/author\/#Person","name":"digitus.cz\n","url":"https:\/\/www.digitus.cz\/author\/","identifier":1,"image":{"@type":"ImageObject","@id":"https:\/\/secure.gravatar.com\/avatar\/d2f205e1507a0401c7d467d32c87ccece0f63a45b81075bb691dbe8d4c823787?s=96&d=mm&r=g","url":"https:\/\/secure.gravatar.com\/avatar\/d2f205e1507a0401c7d467d32c87ccece0f63a45b81075bb691dbe8d4c823787?s=96&d=mm&r=g","height":96,"width":96}},"publisher":{"@type":"Organization","name":"digitus.cz","logo":{"@type":"ImageObject","@id":"\/logo.png","url":"\/logo.png","width":600,"height":60}},"image":{"@type":"ImageObject","@id":"https:\/\/www.digitus.cz\/wp-content\/uploads\/img_a364179_w1912_t1576774724.jpg","url":"https:\/\/www.digitus.cz\/wp-content\/uploads\/img_a364179_w1912_t1576774724.jpg","height":0,"width":0},"keywords":null},{"@type":"Article","@id":"https:\/\/www.digitus.cz\/neni-napln-jako-napln\/","headline":"Nen\u00ed n\u00e1pl\u0148 jako n\u00e1pl\u0148","url":"https:\/\/www.digitus.cz\/neni-napln-jako-napln\/","datePublished":"2019-08-25","dateModified":"2019-08-25","mainEntityOfPage":"https:\/\/www.digitus.cz\/neni-napln-jako-napln\/","author":{"@type":"Person","@id":"https:\/\/www.digitus.cz\/author\/#Person","name":"digitus.cz\n","url":"https:\/\/www.digitus.cz\/author\/","identifier":1,"image":{"@type":"ImageObject","@id":"https:\/\/secure.gravatar.com\/avatar\/d2f205e1507a0401c7d467d32c87ccece0f63a45b81075bb691dbe8d4c823787?s=96&d=mm&r=g","url":"https:\/\/secure.gravatar.com\/avatar\/d2f205e1507a0401c7d467d32c87ccece0f63a45b81075bb691dbe8d4c823787?s=96&d=mm&r=g","height":96,"width":96}},"publisher":{"@type":"Organization","name":"digitus.cz","logo":{"@type":"ImageObject","@id":"\/logo.png","url":"\/logo.png","width":600,"height":60}},"image":{"@type":"ImageObject","@id":"https:\/\/www.digitus.cz\/wp-content\/uploads\/img_a360190_w1912_t1574063735.jpg","url":"https:\/\/www.digitus.cz\/wp-content\/uploads\/img_a360190_w1912_t1574063735.jpg","height":0,"width":0},"keywords":null},{"@type":"Article","@id":"https:\/\/www.digitus.cz\/souprava-do-rohu-ozdobi-i-vas-obyvaci-pokoj\/","headline":"Souprava do rohu ozdob\u00ed i v\u00e1\u0161 ob\u00fdvac\u00ed pokoj","url":"https:\/\/www.digitus.cz\/souprava-do-rohu-ozdobi-i-vas-obyvaci-pokoj\/","datePublished":"2019-08-13","dateModified":"2019-08-13","mainEntityOfPage":"https:\/\/www.digitus.cz\/souprava-do-rohu-ozdobi-i-vas-obyvaci-pokoj\/","author":{"@type":"Person","@id":"https:\/\/www.digitus.cz\/author\/#Person","name":"digitus.cz\n","url":"https:\/\/www.digitus.cz\/author\/","identifier":1,"image":{"@type":"ImageObject","@id":"https:\/\/secure.gravatar.com\/avatar\/d2f205e1507a0401c7d467d32c87ccece0f63a45b81075bb691dbe8d4c823787?s=96&d=mm&r=g","url":"https:\/\/secure.gravatar.com\/avatar\/d2f205e1507a0401c7d467d32c87ccece0f63a45b81075bb691dbe8d4c823787?s=96&d=mm&r=g","height":96,"width":96}},"publisher":{"@type":"Organization","name":"digitus.cz","logo":{"@type":"ImageObject","@id":"\/logo.png","url":"\/logo.png","width":600,"height":60}},"image":{"@type":"ImageObject","@id":"https:\/\/www.digitus.cz\/wp-content\/uploads\/img_a358973_w1912_t1573140962.jpg","url":"https:\/\/www.digitus.cz\/wp-content\/uploads\/img_a358973_w1912_t1573140962.jpg","height":0,"width":0},"keywords":null},{"@type":"Article","@id":"https:\/\/www.digitus.cz\/testovat-bazenovou-vodu-je-spravne\/","headline":"Testovat baz\u00e9novou vodu je spr\u00e1vn\u00e9","url":"https:\/\/www.digitus.cz\/testovat-bazenovou-vodu-je-spravne\/","datePublished":"2019-07-10","dateModified":"2019-07-10","mainEntityOfPage":"https:\/\/www.digitus.cz\/testovat-bazenovou-vodu-je-spravne\/","author":{"@type":"Person","@id":"https:\/\/www.digitus.cz\/author\/#Person","name":"digitus.cz\n","url":"https:\/\/www.digitus.cz\/author\/","identifier":1,"image":{"@type":"ImageObject","@id":"https:\/\/secure.gravatar.com\/avatar\/d2f205e1507a0401c7d467d32c87ccece0f63a45b81075bb691dbe8d4c823787?s=96&d=mm&r=g","url":"https:\/\/secure.gravatar.com\/avatar\/d2f205e1507a0401c7d467d32c87ccece0f63a45b81075bb691dbe8d4c823787?s=96&d=mm&r=g","height":96,"width":96}},"publisher":{"@type":"Organization","name":"digitus.cz","logo":{"@type":"ImageObject","@id":"\/logo.png","url":"\/logo.png","width":600,"height":60}},"image":{"@type":"ImageObject","@id":"https:\/\/www.digitus.cz\/wp-content\/uploads\/img_a359662_w1912_t1573575735.jpg","url":"https:\/\/www.digitus.cz\/wp-content\/uploads\/img_a359662_w1912_t1573575735.jpg","height":0,"width":0},"keywords":null},{"@type":"Article","@id":"https:\/\/www.digitus.cz\/prvni-seznameni-se-stabilitou-na-kole\/","headline":"Prvn\u00ed sezn\u00e1men\u00ed se stabilitou na kole","url":"https:\/\/www.digitus.cz\/prvni-seznameni-se-stabilitou-na-kole\/","datePublished":"2019-06-10","dateModified":"2019-06-10","mainEntityOfPage":"https:\/\/www.digitus.cz\/prvni-seznameni-se-stabilitou-na-kole\/","author":{"@type":"Person","@id":"https:\/\/www.digitus.cz\/author\/#Person","name":"digitus.cz\n","url":"https:\/\/www.digitus.cz\/author\/","identifier":1,"image":{"@type":"ImageObject","@id":"https:\/\/secure.gravatar.com\/avatar\/d2f205e1507a0401c7d467d32c87ccece0f63a45b81075bb691dbe8d4c823787?s=96&d=mm&r=g","url":"https:\/\/secure.gravatar.com\/avatar\/d2f205e1507a0401c7d467d32c87ccece0f63a45b81075bb691dbe8d4c823787?s=96&d=mm&r=g","height":96,"width":96}},"publisher":{"@type":"Organization","name":"digitus.cz","logo":{"@type":"ImageObject","@id":"\/logo.png","url":"\/logo.png","width":600,"height":60}},"image":{"@type":"ImageObject","@id":"https:\/\/www.digitus.cz\/wp-content\/uploads\/img_a357972_w1912_t1572283394.jpg","url":"https:\/\/www.digitus.cz\/wp-content\/uploads\/img_a357972_w1912_t1572283394.jpg","height":0,"width":0},"keywords":null},{"@type":"Article","@id":"https:\/\/www.digitus.cz\/nafouknete-si-svou-reklamu\/","headline":"Nafoukn\u011bte si svou reklamu","url":"https:\/\/www.digitus.cz\/nafouknete-si-svou-reklamu\/","datePublished":"2019-03-03","dateModified":"2019-03-03","mainEntityOfPage":"https:\/\/www.digitus.cz\/nafouknete-si-svou-reklamu\/","author":{"@type":"Person","@id":"https:\/\/www.digitus.cz\/author\/#Person","name":"digitus.cz\n","url":"https:\/\/www.digitus.cz\/author\/","identifier":1,"image":{"@type":"ImageObject","@id":"https:\/\/secure.gravatar.com\/avatar\/d2f205e1507a0401c7d467d32c87ccece0f63a45b81075bb691dbe8d4c823787?s=96&d=mm&r=g","url":"https:\/\/secure.gravatar.com\/avatar\/d2f205e1507a0401c7d467d32c87ccece0f63a45b81075bb691dbe8d4c823787?s=96&d=mm&r=g","height":96,"width":96}},"publisher":{"@type":"Organization","name":"digitus.cz","logo":{"@type":"ImageObject","@id":"\/logo.png","url":"\/logo.png","width":600,"height":60}},"image":{"@type":"ImageObject","@id":"https:\/\/www.digitus.cz\/wp-content\/uploads\/img_a339898_w1912_t1552993591.png","url":"https:\/\/www.digitus.cz\/wp-content\/uploads\/img_a339898_w1912_t1552993591.png","height":0,"width":0},"keywords":null},{"@type":"Article","@id":"https:\/\/www.digitus.cz\/kamenne-obklady-zdokonali-vas-interier\/","headline":"Kamenn\u00e9 obklady zdokonal\u00ed v\u00e1\u0161 interi\u00e9r","url":"https:\/\/www.digitus.cz\/kamenne-obklady-zdokonali-vas-interier\/","datePublished":"2019-02-11","dateModified":"2019-02-11","mainEntityOfPage":"https:\/\/www.digitus.cz\/kamenne-obklady-zdokonali-vas-interier\/","author":{"@type":"Person","@id":"https:\/\/www.digitus.cz\/author\/#Person","name":"digitus.cz\n","url":"https:\/\/www.digitus.cz\/author\/","identifier":1,"image":{"@type":"ImageObject","@id":"https:\/\/secure.gravatar.com\/avatar\/d2f205e1507a0401c7d467d32c87ccece0f63a45b81075bb691dbe8d4c823787?s=96&d=mm&r=g","url":"https:\/\/secure.gravatar.com\/avatar\/d2f205e1507a0401c7d467d32c87ccece0f63a45b81075bb691dbe8d4c823787?s=96&d=mm&r=g","height":96,"width":96}},"publisher":{"@type":"Organization","name":"digitus.cz","logo":{"@type":"ImageObject","@id":"\/logo.png","url":"\/logo.png","width":600,"height":60}},"image":{"@type":"ImageObject","@id":"https:\/\/www.digitus.cz\/wp-content\/uploads\/img_a339794_w1701_t1552902069.jpg","url":"https:\/\/www.digitus.cz\/wp-content\/uploads\/img_a339794_w1701_t1552902069.jpg","height":0,"width":0},"keywords":null}]}